{"id":2841,"date":"2025-11-07T10:25:47","date_gmt":"2025-11-07T10:25:47","guid":{"rendered":"https:\/\/www.baschirotto.com\/?p=2841"},"modified":"2025-11-07T12:54:32","modified_gmt":"2025-11-07T12:54:32","slug":"donne-cultura-cura-e-ricerca","status":"publish","type":"post","link":"https:\/\/www.baschirotto.com\/index.php\/2025\/11\/07\/donne-cultura-cura-e-ricerca\/","title":{"rendered":"Donne, Cultura, Cura e ricerca"},"content":{"rendered":"\t\t<div data-elementor-type=\"wp-post\" data-elementor-id=\"2841\" class=\"elementor elementor-2841\">\n\t\t\t\t\t\t<section class=\"elementor-section elementor-top-section elementor-element elementor-element-41164dc elementor-section-boxed elementor-section-height-default elementor-section-height-default\" data-id=\"41164dc\" data-element_type=\"section\" data-e-type=\"section\">\n\t\t\t\t\t\t<div class=\"elementor-container elementor-column-gap-default\">\n\t\t\t\t\t<div class=\"elementor-column elementor-col-100 elementor-top-column elementor-element elementor-element-0efac0f\" data-id=\"0efac0f\" data-element_type=\"column\" data-e-type=\"column\">\n\t\t\t<div class=\"elementor-widget-wrap\">\n\t\t\t\t\t\t\t<\/div>\n\t\t<\/div>\n\t\t\t\t\t<\/div>\n\t\t<\/section>\n\t\t\t\t<section class=\"elementor-section elementor-top-section elementor-element elementor-element-f76f3ca elementor-section-boxed elementor-section-height-default elementor-section-height-default\" data-id=\"f76f3ca\" data-element_type=\"section\" data-e-type=\"section\">\n\t\t\t\t\t\t<div class=\"elementor-container elementor-column-gap-default\">\n\t\t\t\t\t<div class=\"elementor-column elementor-col-100 elementor-top-column elementor-element elementor-element-aace752\" data-id=\"aace752\" data-element_type=\"column\" data-e-type=\"column\">\n\t\t\t<div class=\"elementor-widget-wrap elementor-element-populated\">\n\t\t\t\t\t\t<div class=\"elementor-element elementor-element-2936c80 elementor-widget elementor-widget-image\" data-id=\"2936c80\" data-element_type=\"widget\" data-e-type=\"widget\" data-widget_type=\"image.default\">\n\t\t\t\t<div class=\"elementor-widget-container\">\n\t\t\t\t\t\t\t\t\t\t\t\t\t\t\t<img fetchpriority=\"high\" decoding=\"async\" width=\"724\" height=\"1024\" src=\"https:\/\/www.baschirotto.com\/wp-content\/uploads\/2025\/11\/Locandina-concerto-15-Novembre-2025-724x1024.jpg\" class=\"attachment-large size-large wp-image-2843\" alt=\"\" srcset=\"https:\/\/www.baschirotto.com\/wp-content\/uploads\/2025\/11\/Locandina-concerto-15-Novembre-2025-724x1024.jpg 724w, https:\/\/www.baschirotto.com\/wp-content\/uploads\/2025\/11\/Locandina-concerto-15-Novembre-2025-212x300.jpg 212w, https:\/\/www.baschirotto.com\/wp-content\/uploads\/2025\/11\/Locandina-concerto-15-Novembre-2025-768x1086.jpg 768w, https:\/\/www.baschirotto.com\/wp-content\/uploads\/2025\/11\/Locandina-concerto-15-Novembre-2025-1087x1536.jpg 1087w, https:\/\/www.baschirotto.com\/wp-content\/uploads\/2025\/11\/Locandina-concerto-15-Novembre-2025.jpg 1132w\" sizes=\"(max-width: 724px) 100vw, 724px\" \/>\t\t\t\t\t\t\t\t\t\t\t\t\t\t\t<\/div>\n\t\t\t\t<\/div>\n\t\t\t\t\t<\/div>\n\t\t<\/div>\n\t\t\t\t\t<\/div>\n\t\t<\/section>\n\t\t\t\t<section class=\"elementor-section elementor-top-section elementor-element elementor-element-f502c9a elementor-section-boxed elementor-section-height-default elementor-section-height-default\" data-id=\"f502c9a\" data-element_type=\"section\" data-e-type=\"section\">\n\t\t\t\t\t\t<div class=\"elementor-container elementor-column-gap-default\">\n\t\t\t\t\t<div class=\"elementor-column elementor-col-100 elementor-top-column elementor-element elementor-element-d28f2c5\" data-id=\"d28f2c5\" data-element_type=\"column\" data-e-type=\"column\">\n\t\t\t<div class=\"elementor-widget-wrap\">\n\t\t\t\t\t\t\t<\/div>\n\t\t<\/div>\n\t\t\t\t\t<\/div>\n\t\t<\/section>\n\t\t\t\t<section class=\"elementor-section elementor-top-section elementor-element elementor-element-683516f elementor-section-boxed elementor-section-height-default elementor-section-height-default\" data-id=\"683516f\" data-element_type=\"section\" data-e-type=\"section\">\n\t\t\t\t\t\t<div class=\"elementor-container elementor-column-gap-default\">\n\t\t\t\t\t<div class=\"elementor-column elementor-col-100 elementor-top-column elementor-element elementor-element-699d2e5\" data-id=\"699d2e5\" data-element_type=\"column\" data-e-type=\"column\">\n\t\t\t<div class=\"elementor-widget-wrap elementor-element-populated\">\n\t\t\t\t\t\t<div class=\"elementor-element elementor-element-e8ad8b5 elementor-widget elementor-widget-text-editor\" data-id=\"e8ad8b5\" data-element_type=\"widget\" data-e-type=\"widget\" data-widget_type=\"text-editor.default\">\n\t\t\t\t<div class=\"elementor-widget-container\">\n\t\t\t\t\t\t\t\t\t<div dir=\"auto\">Siamo lieti di invitarvi al bellissimo concerto sabato 15 novembre a favore del progetto di ricerca sul Nevo melanocitico congenito gigante dei bambini.<\/div><div dir=\"auto\">L\u2019evento rientrer\u00e0 nel calendario delle iniziative del Comune di Vicenza per la giornata di sensibilizzazione contro la violenza sulle donne ed \u00e8 organizzato da Schola Poliphonica di Monte Berico, In Arte Veneto, ADOC, Associazione Domenico Cariolato.<\/div><div dir=\"auto\">Proprio da una donna coraggiosa \u00e8 nato questo progetto di ricerca presso il nostro laboratorio di genetica: Alessandra, vicentina, che non si \u00e8 arresa quando la sua piccola Giada \u00e8 nata con il corpo coperto da uno scuro mantello di Nevo Gigante, affrontando continui viaggi a Roma per le numerose operazioni della sua bambina, \u00e8 grazie al servizio televisivo di una giornalista vicentina che la Fondazione ha potuto contattare un chirurgo da poco Responsabile UOS Chirurgia Ricostruttiva di ULSS7 Pedemontana il quale operer\u00e0 Giada con metodiche innovative, poco lontano da casa.<\/div>\t\t\t\t\t\t\t\t<\/div>\n\t\t\t\t<\/div>\n\t\t\t\t\t<\/div>\n\t\t<\/div>\n\t\t\t\t\t<\/div>\n\t\t<\/section>\n\t\t\t\t<\/div>\n\t\t","protected":false},"excerpt":{"rendered":"<p>Siamo lieti di invitarvi al bellissimo concerto sabato 15 novembre a favore del progetto di ricerca sul Nevo melanocitico congenito gigante dei bambini.L\u2019evento rientrer\u00e0 nel calendario delle iniziative del Comune di Vicenza per la giornata di sensibilizzazione contro la violenza sulle donne ed \u00e8 organizzato da Schola Poliphonica di Monte Berico, In Arte Veneto, ADOC, [&hellip;]<\/p>\n","protected":false},"author":2,"featured_media":0,"comment_status":"open","ping_status":"open","sticky":false,"template":"","format":"standard","meta":{"ocean_post_layout":"","ocean_both_sidebars_style":"","ocean_both_sidebars_content_width":0,"ocean_both_sidebars_sidebars_width":0,"ocean_sidebar":"0","ocean_second_sidebar":"0","ocean_disable_margins":"enable","ocean_add_body_class":"","ocean_shortcode_before_top_bar":"","ocean_shortcode_after_top_bar":"","ocean_shortcode_before_header":"","ocean_shortcode_after_header":"","ocean_has_shortcode":"","ocean_shortcode_after_title":"","ocean_shortcode_before_footer_widgets":"","ocean_shortcode_after_footer_widgets":"","ocean_shortcode_before_footer_bottom":"","ocean_shortcode_after_footer_bottom":"","ocean_display_top_bar":"default","ocean_display_header":"default","ocean_header_style":"","ocean_center_header_left_menu":"0","ocean_custom_header_template":"0","ocean_custom_logo":0,"ocean_custom_retina_logo":0,"ocean_custom_logo_max_width":0,"ocean_custom_logo_tablet_max_width":0,"ocean_custom_logo_mobile_max_width":0,"ocean_custom_logo_max_height":0,"ocean_custom_logo_tablet_max_height":0,"ocean_custom_logo_mobile_max_height":0,"ocean_header_custom_menu":"0","ocean_menu_typo_font_family":"0","ocean_menu_typo_font_subset":"","ocean_menu_typo_font_size":0,"ocean_menu_typo_font_size_tablet":0,"ocean_menu_typo_font_size_mobile":0,"ocean_menu_typo_font_size_unit":"px","ocean_menu_typo_font_weight":"","ocean_menu_typo_font_weight_tablet":"","ocean_menu_typo_font_weight_mobile":"","ocean_menu_typo_transform":"","ocean_menu_typo_transform_tablet":"","ocean_menu_typo_transform_mobile":"","ocean_menu_typo_line_height":0,"ocean_menu_typo_line_height_tablet":0,"ocean_menu_typo_line_height_mobile":0,"ocean_menu_typo_line_height_unit":"","ocean_menu_typo_spacing":0,"ocean_menu_typo_spacing_tablet":0,"ocean_menu_typo_spacing_mobile":0,"ocean_menu_typo_spacing_unit":"","ocean_menu_link_color":"","ocean_menu_link_color_hover":"","ocean_menu_link_color_active":"","ocean_menu_link_background":"","ocean_menu_link_hover_background":"","ocean_menu_link_active_background":"","ocean_menu_social_links_bg":"","ocean_menu_social_hover_links_bg":"","ocean_menu_social_links_color":"","ocean_menu_social_hover_links_color":"","ocean_disable_title":"default","ocean_disable_heading":"default","ocean_post_title":"","ocean_post_subheading":"","ocean_post_title_style":"","ocean_post_title_background_color":"","ocean_post_title_background":0,"ocean_post_title_bg_image_position":"","ocean_post_title_bg_image_attachment":"","ocean_post_title_bg_image_repeat":"","ocean_post_title_bg_image_size":"","ocean_post_title_height":0,"ocean_post_title_bg_overlay":0.5,"ocean_post_title_bg_overlay_color":"","ocean_disable_breadcrumbs":"default","ocean_breadcrumbs_color":"","ocean_breadcrumbs_separator_color":"","ocean_breadcrumbs_links_color":"","ocean_breadcrumbs_links_hover_color":"","ocean_display_footer_widgets":"default","ocean_display_footer_bottom":"default","ocean_custom_footer_template":"0","ocean_post_oembed":"","ocean_post_self_hosted_media":"","ocean_post_video_embed":"","ocean_link_format":"","ocean_link_format_target":"self","ocean_quote_format":"","ocean_quote_format_link":"post","ocean_gallery_link_images":"on","ocean_gallery_id":[],"footnotes":""},"categories":[6],"tags":[],"class_list":["post-2841","post","type-post","status-publish","format-standard","hentry","category-news","entry"],"yoast_head":"<!-- This site is optimized with the Yoast SEO plugin v20.13 - https:\/\/yoast.com\/wordpress\/plugins\/seo\/ -->\n<title>Donne, Cultura, Cura e ricerca - Associazione Malattie Rare Mauro Baschirotto<\/title>\n<meta name=\"robots\" content=\"index, follow, max-snippet:-1, max-image-preview:large, max-video-preview:-1\" \/>\n<link rel=\"canonical\" href=\"https:\/\/www.baschirotto.com\/index.php\/2025\/11\/07\/donne-cultura-cura-e-ricerca\/\" \/>\n<meta property=\"og:locale\" content=\"it_IT\" \/>\n<meta property=\"og:type\" content=\"article\" \/>\n<meta property=\"og:title\" content=\"Donne, Cultura, Cura e ricerca - Associazione Malattie Rare Mauro Baschirotto\" \/>\n<meta property=\"og:description\" content=\"Siamo lieti di invitarvi al bellissimo concerto sabato 15 novembre a favore del progetto di ricerca sul Nevo melanocitico congenito gigante dei bambini.L\u2019evento rientrer\u00e0 nel calendario delle iniziative del Comune di Vicenza per la giornata di sensibilizzazione contro la violenza sulle donne ed \u00e8 organizzato da Schola Poliphonica di Monte Berico, In Arte Veneto, ADOC, [&hellip;]\" \/>\n<meta property=\"og:url\" content=\"https:\/\/www.baschirotto.com\/index.php\/2025\/11\/07\/donne-cultura-cura-e-ricerca\/\" \/>\n<meta property=\"og:site_name\" content=\"Associazione Malattie Rare Mauro Baschirotto\" \/>\n<meta property=\"article:published_time\" content=\"2025-11-07T10:25:47+00:00\" \/>\n<meta property=\"article:modified_time\" content=\"2025-11-07T12:54:32+00:00\" \/>\n<meta property=\"og:image\" content=\"https:\/\/www.baschirotto.com\/wp-content\/uploads\/2025\/11\/Locandina-concerto-15-Novembre-2025-724x1024.jpg\" \/>\n<meta name=\"author\" content=\"Admin Baschirotto\" \/>\n<meta name=\"twitter:card\" content=\"summary_large_image\" \/>\n<meta name=\"twitter:label1\" content=\"Scritto da\" \/>\n\t<meta name=\"twitter:data1\" content=\"Admin Baschirotto\" \/>\n\t<meta name=\"twitter:label2\" content=\"Tempo di lettura stimato\" \/>\n\t<meta name=\"twitter:data2\" content=\"1 minuto\" \/>\n<script type=\"application\/ld+json\" class=\"yoast-schema-graph\">{\"@context\":\"https:\/\/schema.org\",\"@graph\":[{\"@type\":\"Article\",\"@id\":\"https:\/\/www.baschirotto.com\/index.php\/2025\/11\/07\/donne-cultura-cura-e-ricerca\/#article\",\"isPartOf\":{\"@id\":\"https:\/\/www.baschirotto.com\/index.php\/2025\/11\/07\/donne-cultura-cura-e-ricerca\/\"},\"author\":{\"name\":\"Admin Baschirotto\",\"@id\":\"https:\/\/www.baschirotto.com\/#\/schema\/person\/e1d0e8d8126443f125a1b680fdc32937\"},\"headline\":\"Donne, Cultura, Cura e ricerca\",\"datePublished\":\"2025-11-07T10:25:47+00:00\",\"dateModified\":\"2025-11-07T12:54:32+00:00\",\"mainEntityOfPage\":{\"@id\":\"https:\/\/www.baschirotto.com\/index.php\/2025\/11\/07\/donne-cultura-cura-e-ricerca\/\"},\"wordCount\":150,\"commentCount\":0,\"publisher\":{\"@id\":\"https:\/\/www.baschirotto.com\/#organization\"},\"articleSection\":[\"NEWS\"],\"inLanguage\":\"it-IT\",\"potentialAction\":[{\"@type\":\"CommentAction\",\"name\":\"Comment\",\"target\":[\"https:\/\/www.baschirotto.com\/index.php\/2025\/11\/07\/donne-cultura-cura-e-ricerca\/#respond\"]}]},{\"@type\":\"WebPage\",\"@id\":\"https:\/\/www.baschirotto.com\/index.php\/2025\/11\/07\/donne-cultura-cura-e-ricerca\/\",\"url\":\"https:\/\/www.baschirotto.com\/index.php\/2025\/11\/07\/donne-cultura-cura-e-ricerca\/\",\"name\":\"Donne, Cultura, Cura e ricerca - Associazione Malattie Rare Mauro Baschirotto\",\"isPartOf\":{\"@id\":\"https:\/\/www.baschirotto.com\/#website\"},\"datePublished\":\"2025-11-07T10:25:47+00:00\",\"dateModified\":\"2025-11-07T12:54:32+00:00\",\"breadcrumb\":{\"@id\":\"https:\/\/www.baschirotto.com\/index.php\/2025\/11\/07\/donne-cultura-cura-e-ricerca\/#breadcrumb\"},\"inLanguage\":\"it-IT\",\"potentialAction\":[{\"@type\":\"ReadAction\",\"target\":[\"https:\/\/www.baschirotto.com\/index.php\/2025\/11\/07\/donne-cultura-cura-e-ricerca\/\"]}]},{\"@type\":\"BreadcrumbList\",\"@id\":\"https:\/\/www.baschirotto.com\/index.php\/2025\/11\/07\/donne-cultura-cura-e-ricerca\/#breadcrumb\",\"itemListElement\":[{\"@type\":\"ListItem\",\"position\":1,\"name\":\"Home\",\"item\":\"https:\/\/www.baschirotto.com\/\"},{\"@type\":\"ListItem\",\"position\":2,\"name\":\"Donne, Cultura, Cura e ricerca\"}]},{\"@type\":\"WebSite\",\"@id\":\"https:\/\/www.baschirotto.com\/#website\",\"url\":\"https:\/\/www.baschirotto.com\/\",\"name\":\"Associazione Malattie Rare Mauro Baschirotto\",\"description\":\"\",\"publisher\":{\"@id\":\"https:\/\/www.baschirotto.com\/#organization\"},\"potentialAction\":[{\"@type\":\"SearchAction\",\"target\":{\"@type\":\"EntryPoint\",\"urlTemplate\":\"https:\/\/www.baschirotto.com\/?s={search_term_string}\"},\"query-input\":\"required name=search_term_string\"}],\"inLanguage\":\"it-IT\"},{\"@type\":\"Organization\",\"@id\":\"https:\/\/www.baschirotto.com\/#organization\",\"name\":\"Associazione Malattie Rare Mauro Baschirotto\",\"url\":\"https:\/\/www.baschirotto.com\/\",\"logo\":{\"@type\":\"ImageObject\",\"inLanguage\":\"it-IT\",\"@id\":\"https:\/\/www.baschirotto.com\/#\/schema\/logo\/image\/\",\"url\":\"https:\/\/www.baschirotto.com\/wp-content\/uploads\/2023\/03\/cropped-Logo-Associazione-Malattie-Rare-con-scritta.png\",\"contentUrl\":\"https:\/\/www.baschirotto.com\/wp-content\/uploads\/2023\/03\/cropped-Logo-Associazione-Malattie-Rare-con-scritta.png\",\"width\":1322,\"height\":93,\"caption\":\"Associazione Malattie Rare Mauro Baschirotto\"},\"image\":{\"@id\":\"https:\/\/www.baschirotto.com\/#\/schema\/logo\/image\/\"}},{\"@type\":\"Person\",\"@id\":\"https:\/\/www.baschirotto.com\/#\/schema\/person\/e1d0e8d8126443f125a1b680fdc32937\",\"name\":\"Admin Baschirotto\",\"image\":{\"@type\":\"ImageObject\",\"inLanguage\":\"it-IT\",\"@id\":\"https:\/\/www.baschirotto.com\/#\/schema\/person\/image\/\",\"url\":\"https:\/\/secure.gravatar.com\/avatar\/7c92b36933afed0df4d5dd569c87a378b4d7dacce9764f9a0945859803d07d38?s=96&d=mm&r=g\",\"contentUrl\":\"https:\/\/secure.gravatar.com\/avatar\/7c92b36933afed0df4d5dd569c87a378b4d7dacce9764f9a0945859803d07d38?s=96&d=mm&r=g\",\"caption\":\"Admin Baschirotto\"},\"url\":\"https:\/\/www.baschirotto.com\/index.php\/author\/adminbaschi\/\"}]}<\/script>\n<!-- \/ Yoast SEO plugin. -->","yoast_head_json":{"title":"Donne, Cultura, Cura e ricerca - Associazione Malattie Rare Mauro Baschirotto","robots":{"index":"index","follow":"follow","max-snippet":"max-snippet:-1","max-image-preview":"max-image-preview:large","max-video-preview":"max-video-preview:-1"},"canonical":"https:\/\/www.baschirotto.com\/index.php\/2025\/11\/07\/donne-cultura-cura-e-ricerca\/","og_locale":"it_IT","og_type":"article","og_title":"Donne, Cultura, Cura e ricerca - Associazione Malattie Rare Mauro Baschirotto","og_description":"Siamo lieti di invitarvi al bellissimo concerto sabato 15 novembre a favore del progetto di ricerca sul Nevo melanocitico congenito gigante dei bambini.L\u2019evento rientrer\u00e0 nel calendario delle iniziative del Comune di Vicenza per la giornata di sensibilizzazione contro la violenza sulle donne ed \u00e8 organizzato da Schola Poliphonica di Monte Berico, In Arte Veneto, ADOC, [&hellip;]","og_url":"https:\/\/www.baschirotto.com\/index.php\/2025\/11\/07\/donne-cultura-cura-e-ricerca\/","og_site_name":"Associazione Malattie Rare Mauro Baschirotto","article_published_time":"2025-11-07T10:25:47+00:00","article_modified_time":"2025-11-07T12:54:32+00:00","og_image":[{"url":"https:\/\/www.baschirotto.com\/wp-content\/uploads\/2025\/11\/Locandina-concerto-15-Novembre-2025-724x1024.jpg"}],"author":"Admin Baschirotto","twitter_card":"summary_large_image","twitter_misc":{"Scritto da":"Admin Baschirotto","Tempo di lettura stimato":"1 minuto"},"schema":{"@context":"https:\/\/schema.org","@graph":[{"@type":"Article","@id":"https:\/\/www.baschirotto.com\/index.php\/2025\/11\/07\/donne-cultura-cura-e-ricerca\/#article","isPartOf":{"@id":"https:\/\/www.baschirotto.com\/index.php\/2025\/11\/07\/donne-cultura-cura-e-ricerca\/"},"author":{"name":"Admin Baschirotto","@id":"https:\/\/www.baschirotto.com\/#\/schema\/person\/e1d0e8d8126443f125a1b680fdc32937"},"headline":"Donne, Cultura, Cura e ricerca","datePublished":"2025-11-07T10:25:47+00:00","dateModified":"2025-11-07T12:54:32+00:00","mainEntityOfPage":{"@id":"https:\/\/www.baschirotto.com\/index.php\/2025\/11\/07\/donne-cultura-cura-e-ricerca\/"},"wordCount":150,"commentCount":0,"publisher":{"@id":"https:\/\/www.baschirotto.com\/#organization"},"articleSection":["NEWS"],"inLanguage":"it-IT","potentialAction":[{"@type":"CommentAction","name":"Comment","target":["https:\/\/www.baschirotto.com\/index.php\/2025\/11\/07\/donne-cultura-cura-e-ricerca\/#respond"]}]},{"@type":"WebPage","@id":"https:\/\/www.baschirotto.com\/index.php\/2025\/11\/07\/donne-cultura-cura-e-ricerca\/","url":"https:\/\/www.baschirotto.com\/index.php\/2025\/11\/07\/donne-cultura-cura-e-ricerca\/","name":"Donne, Cultura, Cura e ricerca - Associazione Malattie Rare Mauro Baschirotto","isPartOf":{"@id":"https:\/\/www.baschirotto.com\/#website"},"datePublished":"2025-11-07T10:25:47+00:00","dateModified":"2025-11-07T12:54:32+00:00","breadcrumb":{"@id":"https:\/\/www.baschirotto.com\/index.php\/2025\/11\/07\/donne-cultura-cura-e-ricerca\/#breadcrumb"},"inLanguage":"it-IT","potentialAction":[{"@type":"ReadAction","target":["https:\/\/www.baschirotto.com\/index.php\/2025\/11\/07\/donne-cultura-cura-e-ricerca\/"]}]},{"@type":"BreadcrumbList","@id":"https:\/\/www.baschirotto.com\/index.php\/2025\/11\/07\/donne-cultura-cura-e-ricerca\/#breadcrumb","itemListElement":[{"@type":"ListItem","position":1,"name":"Home","item":"https:\/\/www.baschirotto.com\/"},{"@type":"ListItem","position":2,"name":"Donne, Cultura, Cura e ricerca"}]},{"@type":"WebSite","@id":"https:\/\/www.baschirotto.com\/#website","url":"https:\/\/www.baschirotto.com\/","name":"Associazione Malattie Rare Mauro Baschirotto","description":"","publisher":{"@id":"https:\/\/www.baschirotto.com\/#organization"},"potentialAction":[{"@type":"SearchAction","target":{"@type":"EntryPoint","urlTemplate":"https:\/\/www.baschirotto.com\/?s={search_term_string}"},"query-input":"required name=search_term_string"}],"inLanguage":"it-IT"},{"@type":"Organization","@id":"https:\/\/www.baschirotto.com\/#organization","name":"Associazione Malattie Rare Mauro Baschirotto","url":"https:\/\/www.baschirotto.com\/","logo":{"@type":"ImageObject","inLanguage":"it-IT","@id":"https:\/\/www.baschirotto.com\/#\/schema\/logo\/image\/","url":"https:\/\/www.baschirotto.com\/wp-content\/uploads\/2023\/03\/cropped-Logo-Associazione-Malattie-Rare-con-scritta.png","contentUrl":"https:\/\/www.baschirotto.com\/wp-content\/uploads\/2023\/03\/cropped-Logo-Associazione-Malattie-Rare-con-scritta.png","width":1322,"height":93,"caption":"Associazione Malattie Rare Mauro Baschirotto"},"image":{"@id":"https:\/\/www.baschirotto.com\/#\/schema\/logo\/image\/"}},{"@type":"Person","@id":"https:\/\/www.baschirotto.com\/#\/schema\/person\/e1d0e8d8126443f125a1b680fdc32937","name":"Admin Baschirotto","image":{"@type":"ImageObject","inLanguage":"it-IT","@id":"https:\/\/www.baschirotto.com\/#\/schema\/person\/image\/","url":"https:\/\/secure.gravatar.com\/avatar\/7c92b36933afed0df4d5dd569c87a378b4d7dacce9764f9a0945859803d07d38?s=96&d=mm&r=g","contentUrl":"https:\/\/secure.gravatar.com\/avatar\/7c92b36933afed0df4d5dd569c87a378b4d7dacce9764f9a0945859803d07d38?s=96&d=mm&r=g","caption":"Admin Baschirotto"},"url":"https:\/\/www.baschirotto.com\/index.php\/author\/adminbaschi\/"}]}},"jetpack_featured_media_url":"","_links":{"self":[{"href":"https:\/\/www.baschirotto.com\/index.php\/wp-json\/wp\/v2\/posts\/2841","targetHints":{"allow":["GET"]}}],"collection":[{"href":"https:\/\/www.baschirotto.com\/index.php\/wp-json\/wp\/v2\/posts"}],"about":[{"href":"https:\/\/www.baschirotto.com\/index.php\/wp-json\/wp\/v2\/types\/post"}],"author":[{"embeddable":true,"href":"https:\/\/www.baschirotto.com\/index.php\/wp-json\/wp\/v2\/users\/2"}],"replies":[{"embeddable":true,"href":"https:\/\/www.baschirotto.com\/index.php\/wp-json\/wp\/v2\/comments?post=2841"}],"version-history":[{"count":5,"href":"https:\/\/www.baschirotto.com\/index.php\/wp-json\/wp\/v2\/posts\/2841\/revisions"}],"predecessor-version":[{"id":2847,"href":"https:\/\/www.baschirotto.com\/index.php\/wp-json\/wp\/v2\/posts\/2841\/revisions\/2847"}],"wp:attachment":[{"href":"https:\/\/www.baschirotto.com\/index.php\/wp-json\/wp\/v2\/media?parent=2841"}],"wp:term":[{"taxonomy":"category","embeddable":true,"href":"https:\/\/www.baschirotto.com\/index.php\/wp-json\/wp\/v2\/categories?post=2841"},{"taxonomy":"post_tag","embeddable":true,"href":"https:\/\/www.baschirotto.com\/index.php\/wp-json\/wp\/v2\/tags?post=2841"}],"curies":[{"name":"wp","href":"https:\/\/api.w.org\/{rel}","templated":true}]}}